{"id":1487,"date":"2024-09-25T17:15:52","date_gmt":"2024-09-25T17:15:52","guid":{"rendered":"https:\/\/primaevocorp.com\/?p=1487"},"modified":"2024-09-25T17:15:53","modified_gmt":"2024-09-25T17:15:53","slug":"primaevo-en-amor-y-amistad","status":"publish","type":"post","link":"https:\/\/primaevocorp.com\/index.php\/2024\/09\/25\/primaevo-en-amor-y-amistad\/","title":{"rendered":"primaevo en amor y amistad"},"content":{"rendered":"\n<h2 class=\"wp-block-heading has-x-large-font-size\">PRIMAEVO EN AMOR Y AMISTAD<\/h2>\n\n\n\n<p>El pasado viernes 20 de septiembre, en el marco de la celebraci\u00f3n del D\u00eda del Amor y la Amistad, la Corporaci\u00f3n PrimaEvo reafirm\u00f3 su compromiso con la educaci\u00f3n y las libertades individuales al llevar a cabo una jornada especial de entrega de kits escolares a 80 ni\u00f1os y ni\u00f1as de la I.E.D. La Quinina en Santa Marta. Esta iniciativa no solo busc\u00f3 apoyar a los estudiantes con recursos esenciales, sino tambi\u00e9n inspirarlos a trav\u00e9s del arte y la expresi\u00f3n libre, promoviendo valores fundamentales desde la ni\u00f1ez.<\/p>\n\n\n\n<div class=\"wp-block-uagb-advanced-heading uagb-block-988d6e06\"><h3 class=\"uagb-heading-text\"><strong>Educaci\u00f3n y Libertad: Semillas de un Futuro Brillante<\/strong><\/h3><\/div>\n\n\n\n<p>En PrimaEvo creemos que la educaci\u00f3n en las primeras etapas de la vida es clave para un futuro lleno de oportunidades. Con motivo de esta celebraci\u00f3n, nos pusimos la 10 para que los peque\u00f1os experimentaran la importancia de la libertad y la creatividad en su aprendizaje. A trav\u00e9s de actividades art\u00edsticas, los ni\u00f1os no solo recibieron cuadernos, l\u00e1pices y colores, sino tambi\u00e9n una experiencia educativa que los conect\u00f3 con la idea de que el arte es una forma de expresar qui\u00e9nes son y c\u00f3mo ven el mundo.<\/p>\n\n\n\n<p>El arte, como veh\u00edculo de expresi\u00f3n, permiti\u00f3 a los ni\u00f1os explorar sus emociones, pensamientos y deseos en un ambiente de amistad y camarader\u00eda. Esta jornada no solo les brind\u00f3 herramientas para su educaci\u00f3n, sino que tambi\u00e9n les ofreci\u00f3 un espacio para ser ellos mismos, en un entorno que celebra la individualidad y la libertad.<\/p>\n\n\n\n<div class=\"wp-block-uagb-advanced-heading uagb-block-5c15a02a\"><h3 class=\"uagb-heading-text\"><strong>Un Compromiso con las Nuevas Generaciones<\/strong><\/h3><\/div>\n\n\n\n<p>PrimaEvo, con 8 a\u00f1os de experiencia impulsando proyectos educativos, entiende que el acceso a la educaci\u00f3n va m\u00e1s all\u00e1 de los libros y las aulas; se trata de ofrecer oportunidades para que cada ni\u00f1o desarrolle su m\u00e1ximo potencial. Esta actividad es parte de nuestro esfuerzo continuo por empoderar a las nuevas generaciones desde sus primeras etapas de formaci\u00f3n, ense\u00f1\u00e1ndoles a tomar decisiones libres y responsables.<\/p>\n\n\n\n<p>Durante la jornada, se destac\u00f3 la importancia del arte como una herramienta para que los ni\u00f1os descubran sus propias voces y la capacidad de so\u00f1ar en grande. La entrega de kits escolares fue m\u00e1s que un simple gesto; fue un acto de amor y amistad que refuerza nuestra misi\u00f3n de educar para la libertad y el crecimiento personal.<\/p>\n\n\n\n<div class=\"wp-block-uagb-advanced-heading uagb-block-c262a4c8\"><h3 class=\"uagb-heading-text\"><strong>PrimaEvo: Educando para la Libertad<\/strong><\/h3><\/div>\n\n\n\n<p>Al promover una educaci\u00f3n basada en la libertad, el arte y el emprendimiento, PrimaEvo sigue apostando por un cambio positivo en la regi\u00f3n Caribe de Colombia. Iniciativas como esta demuestran nuestro compromiso de sembrar las semillas del cambio, brindando a los ni\u00f1os no solo materiales educativos, sino tambi\u00e9n las herramientas emocionales y creativas que necesitan para enfrentar el futuro con confianza y autonom\u00eda.<\/p>\n\n\n\n<p>Porque en PrimaEvo, creemos que cada ni\u00f1o merece un espacio donde pueda aprender, crear y so\u00f1ar en libertad. Y eso es lo que celebramos en este D\u00eda del Amor y la Amistad: la capacidad de educar desde el coraz\u00f3n y sembrar un futuro lleno de posibilidades para todos.<\/p>\n\n\n\n<div class=\"wp-block-uagb-marketing-button uagb-marketing-btn__align-center uagb-marketing-btn__align-text-center uagb-marketing-btn__icon-after uagb-block-7b7f5f70 wp-block-button\"><a href=\"https:\/\/www.paypal.com\/donate?hosted_button_id=3D4TGS8UQGJU6\" class=\"uagb-marketing-btn__link wp-block-button__link\" target=\"_blank\" rel=\"noopener noreferrer\"><span class=\"uagb-marketing-btn__title\">Dona aqu\u00ed<\/span><svg xmlns=\"https:\/\/www.w3.org\/2000\/svg\" viewBox=\"0 0 512 512\"><path d=\"M384 320c-17.67 0-32 14.33-32 32v96H64V160h96c17.67 0 32-14.32 32-32s-14.33-32-32-32L64 96c-35.35 0-64 28.65-64 64V448c0 35.34 28.65 64 64 64h288c35.35 0 64-28.66 64-64v-96C416 334.3 401.7 320 384 320zM488 0H352c-12.94 0-24.62 7.797-29.56 19.75c-4.969 11.97-2.219 25.72 6.938 34.88L370.8 96L169.4 297.4c-12.5 12.5-12.5 32.75 0 45.25C175.6 348.9 183.8 352 192 352s16.38-3.125 22.62-9.375L416 141.3l41.38 41.38c9.156 9.141 22.88 11.84 34.88 6.938C504.2 184.6 512 172.9 512 160V24C512 10.74 501.3 0 488 0z\"><\/path><\/svg><p class=\"uagb-marketing-btn__prefix\">Tu apoyo es fundamental para continuar con nuestro trabajo<\/p><\/a><\/div>\n\n\n\n<p><\/p>\n","protected":false},"excerpt":{"rendered":"<p>PRIMAEVO EN AMOR Y AMISTAD El pasado viernes 20 de septiembre, en el marco de la celebraci\u00f3n del D\u00eda del Amor y la Amistad, la Corporaci\u00f3n PrimaEvo reafirm\u00f3 su compromiso con la educaci\u00f3n y las libertades individuales al llevar a cabo una jornada especial de entrega de kits escolares a 80 ni\u00f1os y ni\u00f1as de [&hellip;]<\/p>\n","protected":false},"author":1,"featured_media":1492,"comment_status":"closed","ping_status":"open","sticky":false,"template":"","format":"standard","meta":{"qubely_global_settings":"","qubely_interactions":"","_uag_custom_page_level_css":"","site-sidebar-layout":"default","site-content-layout":"","ast-site-content-layout":"default","site-content-style":"default","site-sidebar-style":"default","ast-global-header-display":"","ast-banner-title-visibility":"","ast-main-header-display":"","ast-hfb-above-header-display":"","ast-hfb-below-header-display":"","ast-hfb-mobile-header-display":"","site-post-title":"disabled","ast-breadcrumbs-content":"","ast-featured-img":"","footer-sml-layout":"","theme-transparent-header-meta":"","adv-header-id-meta":"","stick-header-meta":"","header-above-stick-meta":"","header-main-stick-meta":"","header-below-stick-meta":"","astra-migrate-meta-layouts":"set","ast-page-background-enabled":"default","ast-page-background-meta":{"desktop":{"background-color":"","background-image":"","background-repeat":"repeat","background-position":"center center","background-size":"auto","background-attachment":"scroll","background-type":"","background-media":"","overlay-type":"","overlay-color":"","overlay-opacity":"","overlay-gradient":""},"tablet":{"background-color":"","background-image":"","background-repeat":"repeat","background-position":"center center","background-size":"auto","background-attachment":"scroll","background-type":"","background-media":"","overlay-type":"","overlay-color":"","overlay-opacity":"","overlay-gradient":""},"mobile":{"background-color":"","background-image":"","background-repeat":"repeat","background-position":"center center","background-size":"auto","background-attachment":"scroll","background-type":"","background-media":"","overlay-type":"","overlay-color":"","overlay-opacity":"","overlay-gradient":""}},"ast-content-background-meta":{"desktop":{"background-color":"var(--ast-global-color-5)","background-image":"","background-repeat":"repeat","background-position":"center center","background-size":"auto","background-attachment":"scroll","background-type":"","background-media":"","overlay-type":"","overlay-color":"","overlay-opacity":"","overlay-gradient":""},"tablet":{"background-color":"var(--ast-global-color-5)","background-image":"","background-repeat":"repeat","background-position":"center center","background-size":"auto","background-attachment":"scroll","background-type":"","background-media":"","overlay-type":"","overlay-color":"","overlay-opacity":"","overlay-gradient":""},"mobile":{"background-color":"var(--ast-global-color-5)","background-image":"","background-repeat":"repeat","background-position":"center center","background-size":"auto","background-attachment":"scroll","background-type":"","background-media":"","overlay-type":"","overlay-color":"","overlay-opacity":"","overlay-gradient":""}},"footnotes":""},"categories":[73],"tags":[71,52,72,55],"class_list":["post-1487","post","type-post","status-publish","format-standard","has-post-thumbnail","hentry","category-eventos","tag-amor-y-amistad","tag-colombia","tag-eventos","tag-primaevo"],"aioseo_notices":[],"qubely_featured_image_url":{"full":["https:\/\/primaevocorp.com\/wp-content\/uploads\/2024\/09\/Imagen-principal-primaevo-amor-y-amistad-1.jpg",1920,1080,false],"landscape":["https:\/\/primaevocorp.com\/wp-content\/uploads\/2024\/09\/Imagen-principal-primaevo-amor-y-amistad-1-1200x750.jpg",1200,750,true],"portraits":["https:\/\/primaevocorp.com\/wp-content\/uploads\/2024\/09\/Imagen-principal-primaevo-amor-y-amistad-1-540x320.jpg",540,320,true],"thumbnail":["https:\/\/primaevocorp.com\/wp-content\/uploads\/2024\/09\/Imagen-principal-primaevo-amor-y-amistad-1-150x150.jpg",150,150,true],"medium":["https:\/\/primaevocorp.com\/wp-content\/uploads\/2024\/09\/Imagen-principal-primaevo-amor-y-amistad-1-300x169.jpg",300,169,true],"medium_large":["https:\/\/primaevocorp.com\/wp-content\/uploads\/2024\/09\/Imagen-principal-primaevo-amor-y-amistad-1-768x432.jpg",768,432,true],"large":["https:\/\/primaevocorp.com\/wp-content\/uploads\/2024\/09\/Imagen-principal-primaevo-amor-y-amistad-1-1024x576.jpg",1024,576,true],"1536x1536":["https:\/\/primaevocorp.com\/wp-content\/uploads\/2024\/09\/Imagen-principal-primaevo-amor-y-amistad-1-1536x864.jpg",1536,864,true],"2048x2048":["https:\/\/primaevocorp.com\/wp-content\/uploads\/2024\/09\/Imagen-principal-primaevo-amor-y-amistad-1.jpg",1920,1080,false],"qubely_landscape":["https:\/\/primaevocorp.com\/wp-content\/uploads\/2024\/09\/Imagen-principal-primaevo-amor-y-amistad-1-1200x750.jpg",1200,750,true],"qubely_portrait":["https:\/\/primaevocorp.com\/wp-content\/uploads\/2024\/09\/Imagen-principal-primaevo-amor-y-amistad-1-540x320.jpg",540,320,true],"qubely_thumbnail":["https:\/\/primaevocorp.com\/wp-content\/uploads\/2024\/09\/Imagen-principal-primaevo-amor-y-amistad-1-140x100.jpg",140,100,true]},"qubely_author":{"display_name":"primaevoadmin","author_link":"https:\/\/primaevocorp.com\/index.php\/author\/primaevoadmin\/"},"qubely_comment":1,"qubely_category":"<a href=\"https:\/\/primaevocorp.com\/index.php\/category\/eventos\/\" rel=\"category tag\">Eventos<\/a>","qubely_excerpt":"PRIMAEVO EN AMOR Y AMISTAD El pasado viernes 20 de septiembre, en el marco de la celebraci\u00f3n del D\u00eda del Amor y la Amistad, la Corporaci\u00f3n PrimaEvo reafirm\u00f3 su compromiso con la educaci\u00f3n y las libertades individuales al llevar a cabo una jornada especial de entrega de kits escolares a 80 ni\u00f1os y ni\u00f1as de&hellip;","uagb_featured_image_src":{"full":["https:\/\/primaevocorp.com\/wp-content\/uploads\/2024\/09\/Imagen-principal-primaevo-amor-y-amistad-1.jpg",1920,1080,false],"thumbnail":["https:\/\/primaevocorp.com\/wp-content\/uploads\/2024\/09\/Imagen-principal-primaevo-amor-y-amistad-1-150x150.jpg",150,150,true],"medium":["https:\/\/primaevocorp.com\/wp-content\/uploads\/2024\/09\/Imagen-principal-primaevo-amor-y-amistad-1-300x169.jpg",300,169,true],"medium_large":["https:\/\/primaevocorp.com\/wp-content\/uploads\/2024\/09\/Imagen-principal-primaevo-amor-y-amistad-1-768x432.jpg",768,432,true],"large":["https:\/\/primaevocorp.com\/wp-content\/uploads\/2024\/09\/Imagen-principal-primaevo-amor-y-amistad-1-1024x576.jpg",1024,576,true],"1536x1536":["https:\/\/primaevocorp.com\/wp-content\/uploads\/2024\/09\/Imagen-principal-primaevo-amor-y-amistad-1-1536x864.jpg",1536,864,true],"2048x2048":["https:\/\/primaevocorp.com\/wp-content\/uploads\/2024\/09\/Imagen-principal-primaevo-amor-y-amistad-1.jpg",1920,1080,false],"qubely_landscape":["https:\/\/primaevocorp.com\/wp-content\/uploads\/2024\/09\/Imagen-principal-primaevo-amor-y-amistad-1-1200x750.jpg",1200,750,true],"qubely_portrait":["https:\/\/primaevocorp.com\/wp-content\/uploads\/2024\/09\/Imagen-principal-primaevo-amor-y-amistad-1-540x320.jpg",540,320,true],"qubely_thumbnail":["https:\/\/primaevocorp.com\/wp-content\/uploads\/2024\/09\/Imagen-principal-primaevo-amor-y-amistad-1-140x100.jpg",140,100,true]},"uagb_author_info":{"display_name":"primaevoadmin","author_link":"https:\/\/primaevocorp.com\/index.php\/author\/primaevoadmin\/"},"uagb_comment_info":1,"uagb_excerpt":"PRIMAEVO EN AMOR Y AMISTAD El pasado viernes 20 de septiembre, en el marco de la celebraci\u00f3n del D\u00eda del Amor y la Amistad, la Corporaci\u00f3n PrimaEvo reafirm\u00f3 su compromiso con la educaci\u00f3n y las libertades individuales al llevar a cabo una jornada especial de entrega de kits escolares a 80 ni\u00f1os y ni\u00f1as de&hellip;","_links":{"self":[{"href":"https:\/\/primaevocorp.com\/index.php\/wp-json\/wp\/v2\/posts\/1487","targetHints":{"allow":["GET"]}}],"collection":[{"href":"https:\/\/primaevocorp.com\/index.php\/wp-json\/wp\/v2\/posts"}],"about":[{"href":"https:\/\/primaevocorp.com\/index.php\/wp-json\/wp\/v2\/types\/post"}],"author":[{"embeddable":true,"href":"https:\/\/primaevocorp.com\/index.php\/wp-json\/wp\/v2\/users\/1"}],"replies":[{"embeddable":true,"href":"https:\/\/primaevocorp.com\/index.php\/wp-json\/wp\/v2\/comments?post=1487"}],"version-history":[{"count":7,"href":"https:\/\/primaevocorp.com\/index.php\/wp-json\/wp\/v2\/posts\/1487\/revisions"}],"predecessor-version":[{"id":1498,"href":"https:\/\/primaevocorp.com\/index.php\/wp-json\/wp\/v2\/posts\/1487\/revisions\/1498"}],"wp:featuredmedia":[{"embeddable":true,"href":"https:\/\/primaevocorp.com\/index.php\/wp-json\/wp\/v2\/media\/1492"}],"wp:attachment":[{"href":"https:\/\/primaevocorp.com\/index.php\/wp-json\/wp\/v2\/media?parent=1487"}],"wp:term":[{"taxonomy":"category","embeddable":true,"href":"https:\/\/primaevocorp.com\/index.php\/wp-json\/wp\/v2\/categories?post=1487"},{"taxonomy":"post_tag","embeddable":true,"href":"https:\/\/primaevocorp.com\/index.php\/wp-json\/wp\/v2\/tags?post=1487"}],"curies":[{"name":"wp","href":"https:\/\/api.w.org\/{rel}","templated":true}]}}